{"id":26373,"date":"2025-07-16T15:00:58","date_gmt":"2025-07-16T15:00:58","guid":{"rendered":"https:\/\/valorisimo.com\/?p=26373"},"modified":"2025-10-18T11:13:43","modified_gmt":"2025-10-18T11:13:43","slug":"preavis-de-90-jours-requis","status":"publish","type":"post","link":"https:\/\/valorisimo.com\/fr\/preavis-de-90-jours-requis\/","title":{"rendered":"Pr\u00e9avis de 90 jours requis pour l&rsquo;augmentation de loyer"},"content":{"rendered":"<article class=\"text-token-text-primary w-full\" dir=\"auto\" data-testid=\"conversation-turn-274\" data-scroll-anchor=\"true\">\n<div class=\"text-base my-auto mx-auto pb-10 [--thread-content-margin:--spacing(4)] @[37rem]:[--thread-content-margin:--spacing(6)] @[72rem]:[--thread-content-margin:--spacing(16)] px-(--thread-content-margin)\">\n<div class=\"[--thread-content-max-width:32rem] @[34rem]:[--thread-content-max-width:40rem] @[64rem]:[--thread-content-max-width:48rem] mx-auto flex max-w-(--thread-content-max-width) flex-1 text-base gap-4 md:gap-5 lg:gap-6 group\/turn-messages focus-visible:outline-hidden\" tabindex=\"-1\">\n<div class=\"group\/conversation-turn relative flex w-full min-w-0 flex-col agent-turn\">\n<div class=\"relative flex-col gap-1 md:gap-3\">\n<div class=\"flex max-w-full flex-col grow\">\n<div class=\"min-h-8 text-message relative flex w-full flex-col items-end gap-2 text-start break-words whitespace-normal [.text-message+&amp;]:mt-5\" dir=\"auto\" data-message-author-role=\"assistant\" data-message-id=\"54b819ca-b261-4e8d-b82c-e543450c3817\" data-message-model-slug=\"gpt-4o\">\n<div class=\"flex w-full flex-col gap-1 empty:hidden first:pt-[3px]\">\n<div class=\"markdown prose dark:prose-invert w-full break-words light\">\n<h1 data-start=\"85\" data-end=\"553\">Pr\u00e9avis de 90 jours requis pour l&rsquo;augmentation de loyer<\/h1>\n<p data-start=\"85\" data-end=\"553\" data-is-last-node=\"\" data-is-only-node=\"\">Dans le march\u00e9 locatif r\u00e9glement\u00e9 de Dubai, le pr\u00e9avis de 90 jours requis pour l&rsquo;augmentation de loyer est une r\u00e8gle essentielle qui assure une relation \u00e9quitable entre propri\u00e9taires et locataires. Conform\u00e9ment \u00e0 la r\u00e9glementation de la RERA, tout propri\u00e9taire souhaitant augmenter le loyer doit notifier le locataire par \u00e9crit au moins 90 jours avant la fin du contrat de location. En 2025, cette r\u00e8gle reste une pierre angulaire de la stabilit\u00e9 locative \u00e0 Dubai.<\/p>\n<\/div>\n<\/div>\n<\/div>\n<\/div>\n<\/div>\n<\/div>\n<\/div>\n<\/div>\n<\/article>\n<h2>Fondement Juridique du Pr\u00e9avis de 90 Jours<\/h2>\n<p><strong>Loi sur la location \u00e0 Dubai<\/strong><\/p>\n<p><span style=\"font-weight: 400;\">La loi n\u00b0 26 de 2007 stipule, dans son article 14, que toute modification des conditions du bail, y compris l\u2019augmentation du loyer, doit \u00eatre communiqu\u00e9e 90 jours \u00e0 l\u2019avance, sauf accord \u00e9crit du locataire.<\/span><\/p>\n<h2>R\u00f4le du Pr\u00e9avis pour Locataires et Propri\u00e9taires<\/h2>\n<p><b>C\u00f4t\u00e9 Propri\u00e9taires<\/b><\/p>\n<p><span style=\"font-weight: 400;\">Le pr\u00e9avis \u00e9vite les litiges de derni\u00e8re minute, et permet de justifier l\u2019augmentation via l\u2019indice officiel des loyers de la RERA.<\/span><\/p>\n<h4>C\u00f4t\u00e9 Locataires<\/h4>\n<p><span style=\"font-weight: 400;\">Le locataire dispose de suffisamment de temps pour :<\/span><\/p>\n<ul>\n<li style=\"font-weight: 400;\" aria-level=\"1\"><span style=\"font-weight: 400;\">Accepter ou n\u00e9gocier le nouveau loyer<\/span><span style=\"font-weight: 400;\"><br \/>\n<\/span><\/li>\n<li style=\"font-weight: 400;\" aria-level=\"1\"><span style=\"font-weight: 400;\">Donner son pr\u00e9avis pour quitter<\/span><span style=\"font-weight: 400;\"><br \/>\n<\/span><\/li>\n<li style=\"font-weight: 400;\" aria-level=\"1\"><span style=\"font-weight: 400;\">Comparer d&rsquo;autres options sur le march\u00e9<\/span><span style=\"font-weight: 400;\"><br \/>\n<\/span><\/li>\n<\/ul>\n<h2>Conditions d\u2019Application du Pr\u00e9avis<\/h2>\n<h4>Moyens de Notification Accept\u00e9s<\/h4>\n<ul>\n<li style=\"font-weight: 400;\" aria-level=\"1\"><span style=\"font-weight: 400;\">Lettre recommand\u00e9e<\/span><span style=\"font-weight: 400;\"><br \/>\n<\/span><\/li>\n<li style=\"font-weight: 400;\" aria-level=\"1\"><span style=\"font-weight: 400;\">E-mail (si indiqu\u00e9 dans le contrat)<\/span><span style=\"font-weight: 400;\"><br \/>\n<\/span><\/li>\n<li style=\"font-weight: 400;\" aria-level=\"1\"><span style=\"font-weight: 400;\">Notification l\u00e9gale via huissier<\/span><span style=\"font-weight: 400;\"><br \/>\n<\/span><\/li>\n<\/ul>\n<h4>Calcul du D\u00e9lai<\/h4>\n<p><span style=\"font-weight: 400;\">Pour un bail expirant le 31 d\u00e9cembre, l\u2019avis doit \u00eatre envoy\u00e9 avant le 2 octobre. Pass\u00e9 ce d\u00e9lai, l\u2019augmentation peut \u00eatre contest\u00e9e.<\/span><\/p>\n<p><strong>Utiliser l\u2019Indice des Loyers de la RERA<\/strong><\/p>\n<p><span style=\"font-weight: 400;\">Le <\/span><b>calculateur RERA<\/b><span style=\"font-weight: 400;\"> est utilis\u00e9 pour v\u00e9rifier que l\u2019augmentation est conforme au march\u00e9. Si la hausse d\u00e9passe la limite autoris\u00e9e, le locataire peut la contester.<\/span><\/p>\n<h3>Recours en Cas de Non-Respect<\/h3>\n<h4>D\u00e9p\u00f4t de Plainte<\/h4>\n<p><span style=\"font-weight: 400;\">Le locataire peut d\u00e9poser plainte aupr\u00e8s du <\/span><b>Centre de R\u00e8glement des Litiges Locatifs (RDSC)<\/b><span style=\"font-weight: 400;\">.<\/span><\/p>\n<h4>Documents N\u00e9cessaires<\/h4>\n<ul>\n<li style=\"font-weight: 400;\" aria-level=\"1\"><span style=\"font-weight: 400;\">Copie du contrat de bail<\/span><span style=\"font-weight: 400;\"><br \/>\n<\/span><\/li>\n<li style=\"font-weight: 400;\" aria-level=\"1\"><span style=\"font-weight: 400;\">Preuves de la communication ou de son absence<\/span><span style=\"font-weight: 400;\"><br \/>\n<\/span><\/li>\n<li style=\"font-weight: 400;\" aria-level=\"1\"><span style=\"font-weight: 400;\">Justificatifs de l\u2019augmentation propos\u00e9e<\/span><span style=\"font-weight: 400;\"><br \/>\n<\/span><\/li>\n<\/ul>\n<h3>Cons\u00e9quences du Non-Respect<\/h3>\n<h4>Pour les Propri\u00e9taires<\/h4>\n<ul>\n<li style=\"font-weight: 400;\" aria-level=\"1\"><span style=\"font-weight: 400;\">Augmentation non valide<\/span><span style=\"font-weight: 400;\"><br \/>\n<\/span><\/li>\n<li style=\"font-weight: 400;\" aria-level=\"1\"><span style=\"font-weight: 400;\">Sanctions potentielles<\/span><span style=\"font-weight: 400;\"><br \/>\n<\/span><\/li>\n<li style=\"font-weight: 400;\" aria-level=\"1\"><span style=\"font-weight: 400;\">Perte de cr\u00e9dibilit\u00e9<\/span><span style=\"font-weight: 400;\"><br \/>\n<\/span><\/li>\n<\/ul>\n<h4>Pour les Locataires<\/h4>\n<ul>\n<li style=\"font-weight: 400;\" aria-level=\"1\"><span style=\"font-weight: 400;\">Acceptation d\u2019une hausse ill\u00e9gale<\/span><span style=\"font-weight: 400;\"><br \/>\n<\/span><\/li>\n<li style=\"font-weight: 400;\" aria-level=\"1\"><span style=\"font-weight: 400;\">Paiement excessif<\/span><span style=\"font-weight: 400;\"><br \/>\n<\/span><\/li>\n<li style=\"font-weight: 400;\" aria-level=\"1\"><span style=\"font-weight: 400;\">D\u00e9part pr\u00e9cipit\u00e9 du logement<\/span><span style=\"font-weight: 400;\"><br \/>\n<\/span><\/li>\n<\/ul>\n<p><strong>Lire aussi: <a href=\"https:\/\/valorisimo.com\/fr\/retraite-a-dubai-guide-complet-pour-expats\/\">Retraite \u00e0 Dubai<\/a><\/strong><\/p>\n<h3>Tendances 2025<\/h3>\n<p>Avec la mont\u00e9e des loyers \u00e0 Dubai, l\u2019application stricte du pr\u00e9avis de 90 jours requis pour l&rsquo;augmentation de loyer est renforc\u00e9e. Les outils num\u00e9riques aident d\u00e9sormais \u00e0 automatiser les notifications pour \u00e9viter les erreurs.<\/p>\n<p>Le pr\u00e9avis requis pour l\u2019augmentation de loyer constitue une garantie essentielle dans le march\u00e9 locatif de Dubai. En 2025, comprendre et appliquer cette r\u00e8gle est indispensable pour \u00e9viter les litiges et maintenir des relations locatives \u00e9quilibr\u00e9es. Respecter la loi, c\u2019est garantir un investissement locatif durable et s\u00e9curis\u00e9.<\/p>\n","protected":false},"excerpt":{"rendered":"<p>Pr\u00e9avis de 90 jours requis pour l&rsquo;augmentation de loyer Dans le march\u00e9 locatif r\u00e9glement\u00e9 de Dubai, le pr\u00e9avis de 90 jours requis pour l&rsquo;augmentation de loyer est une r\u00e8gle essentielle qui assure une relation \u00e9quitable entre propri\u00e9taires et locataires. Conform\u00e9ment \u00e0 la r\u00e9glementation de la RERA, tout propri\u00e9taire souhaitant augmenter le loyer doit notifier le [&hellip;]<\/p>\n","protected":false},"author":6,"featured_media":26378,"comment_status":"closed","ping_status":"open","sticky":false,"template":"","format":"standard","meta":{"footnotes":""},"categories":[111,103],"tags":[],"class_list":["post-26373","post","type-post","status-publish","format-standard","has-post-thumbnail","hentry","category-actualites","category-dubai-fr"],"yoast_head":"<!-- This site is optimized with the Yoast SEO plugin v26.5 - https:\/\/yoast.com\/wordpress\/plugins\/seo\/ -->\n<title>Pr\u00e9avis de 90 jours requis pour l&#039;augmentation de loyer - Valorisimo<\/title>\n<meta name=\"description\" content=\"D\u00e9couvrez le pr\u00e9avis de 90 jours requis pour augmenter le loyer \u00e0 Dubai et les droits des locataires et obligations des bailleurs\" \/>\n<meta name=\"robots\" content=\"index, follow, max-snippet:-1, max-image-preview:large, max-video-preview:-1\" \/>\n<link rel=\"canonical\" href=\"https:\/\/valorisimo.com\/fr\/wp-json\/wp\/v2\/posts\/26373\/\" \/>\n<meta property=\"og:locale\" content=\"fr_FR\" \/>\n<meta property=\"og:type\" content=\"article\" \/>\n<meta property=\"og:title\" content=\"Pr\u00e9avis de 90 jours requis pour l&#039;augmentation de loyer - Valorisimo\" \/>\n<meta property=\"og:description\" content=\"D\u00e9couvrez le pr\u00e9avis de 90 jours requis pour augmenter le loyer \u00e0 Dubai et les droits des locataires et obligations des bailleurs\" \/>\n<meta property=\"og:url\" content=\"https:\/\/valorisimo.com\/fr\/preavis-de-90-jours-requis\/\" \/>\n<meta property=\"og:site_name\" content=\"Valorisimo\" \/>\n<meta property=\"article:published_time\" content=\"2025-07-16T15:00:58+00:00\" \/>\n<meta property=\"article:modified_time\" content=\"2025-10-18T11:13:43+00:00\" \/>\n<meta property=\"og:image\" content=\"https:\/\/valorisimo.com\/wp-content\/uploads\/2025\/07\/90-Day-Notice-Required-for-Rent-Increases-in-Dubai-1.jpg\" \/>\n\t<meta property=\"og:image:width\" content=\"1280\" \/>\n\t<meta property=\"og:image:height\" content=\"720\" \/>\n\t<meta property=\"og:image:type\" content=\"image\/jpeg\" \/>\n<meta name=\"author\" content=\"Editors\" \/>\n<meta name=\"twitter:card\" content=\"summary_large_image\" \/>\n<meta name=\"twitter:label1\" content=\"\u00c9crit par\" \/>\n\t<meta name=\"twitter:data1\" content=\"Editors\" \/>\n\t<meta name=\"twitter:label2\" content=\"Dur\u00e9e de lecture estim\u00e9e\" \/>\n\t<meta name=\"twitter:data2\" content=\"3 minutes\" \/>\n<script type=\"application\/ld+json\" class=\"yoast-schema-graph\">{\"@context\":\"https:\/\/schema.org\",\"@graph\":[{\"@type\":\"Article\",\"@id\":\"https:\/\/valorisimo.com\/fr\/preavis-de-90-jours-requis\/#article\",\"isPartOf\":{\"@id\":\"https:\/\/valorisimo.com\/fr\/preavis-de-90-jours-requis\/\"},\"author\":{\"name\":\"Editors\",\"@id\":\"https:\/\/valorisimo.com\/fr\/#\/schema\/person\/8bc50b2d5d182004752ea36d5737495f\"},\"headline\":\"Pr\u00e9avis de 90 jours requis pour l&rsquo;augmentation de loyer\",\"datePublished\":\"2025-07-16T15:00:58+00:00\",\"dateModified\":\"2025-10-18T11:13:43+00:00\",\"mainEntityOfPage\":{\"@id\":\"https:\/\/valorisimo.com\/fr\/preavis-de-90-jours-requis\/\"},\"wordCount\":482,\"publisher\":{\"@id\":\"https:\/\/valorisimo.com\/fr\/#organization\"},\"image\":{\"@id\":\"https:\/\/valorisimo.com\/fr\/preavis-de-90-jours-requis\/#primaryimage\"},\"thumbnailUrl\":\"https:\/\/valorisimo.com\/wp-content\/uploads\/2025\/07\/90-Day-Notice-Required-for-Rent-Increases-in-Dubai-1.jpg\",\"articleSection\":[\"Actualit\u00e9s\",\"Dubai\"],\"inLanguage\":\"fr-FR\"},{\"@type\":\"WebPage\",\"@id\":\"https:\/\/valorisimo.com\/fr\/preavis-de-90-jours-requis\/\",\"url\":\"https:\/\/valorisimo.com\/fr\/preavis-de-90-jours-requis\/\",\"name\":\"Pr\u00e9avis de 90 jours requis pour l'augmentation de loyer - Valorisimo\",\"isPartOf\":{\"@id\":\"https:\/\/valorisimo.com\/fr\/#website\"},\"primaryImageOfPage\":{\"@id\":\"https:\/\/valorisimo.com\/fr\/preavis-de-90-jours-requis\/#primaryimage\"},\"image\":{\"@id\":\"https:\/\/valorisimo.com\/fr\/preavis-de-90-jours-requis\/#primaryimage\"},\"thumbnailUrl\":\"https:\/\/valorisimo.com\/wp-content\/uploads\/2025\/07\/90-Day-Notice-Required-for-Rent-Increases-in-Dubai-1.jpg\",\"datePublished\":\"2025-07-16T15:00:58+00:00\",\"dateModified\":\"2025-10-18T11:13:43+00:00\",\"description\":\"D\u00e9couvrez le pr\u00e9avis de 90 jours requis pour augmenter le loyer \u00e0 Dubai et les droits des locataires et obligations des bailleurs\",\"breadcrumb\":{\"@id\":\"https:\/\/valorisimo.com\/fr\/preavis-de-90-jours-requis\/#breadcrumb\"},\"inLanguage\":\"fr-FR\",\"potentialAction\":[{\"@type\":\"ReadAction\",\"target\":[\"https:\/\/valorisimo.com\/fr\/preavis-de-90-jours-requis\/\"]}]},{\"@type\":\"ImageObject\",\"inLanguage\":\"fr-FR\",\"@id\":\"https:\/\/valorisimo.com\/fr\/preavis-de-90-jours-requis\/#primaryimage\",\"url\":\"https:\/\/valorisimo.com\/wp-content\/uploads\/2025\/07\/90-Day-Notice-Required-for-Rent-Increases-in-Dubai-1.jpg\",\"contentUrl\":\"https:\/\/valorisimo.com\/wp-content\/uploads\/2025\/07\/90-Day-Notice-Required-for-Rent-Increases-in-Dubai-1.jpg\",\"width\":1280,\"height\":720,\"caption\":\"Pr\u00e9avis de 90 jours requis\"},{\"@type\":\"BreadcrumbList\",\"@id\":\"https:\/\/valorisimo.com\/fr\/preavis-de-90-jours-requis\/#breadcrumb\",\"itemListElement\":[{\"@type\":\"ListItem\",\"position\":1,\"name\":\"Home\",\"item\":\"https:\/\/valorisimo.com\/fr\/\"},{\"@type\":\"ListItem\",\"position\":2,\"name\":\"Pr\u00e9avis de 90 jours requis pour l&#8217;augmentation de loyer\"}]},{\"@type\":\"WebSite\",\"@id\":\"https:\/\/valorisimo.com\/fr\/#website\",\"url\":\"https:\/\/valorisimo.com\/fr\/\",\"name\":\"Valorisimo\",\"description\":\"\",\"publisher\":{\"@id\":\"https:\/\/valorisimo.com\/fr\/#organization\"},\"potentialAction\":[{\"@type\":\"SearchAction\",\"target\":{\"@type\":\"EntryPoint\",\"urlTemplate\":\"https:\/\/valorisimo.com\/fr\/?s={search_term_string}\"},\"query-input\":{\"@type\":\"PropertyValueSpecification\",\"valueRequired\":true,\"valueName\":\"search_term_string\"}}],\"inLanguage\":\"fr-FR\"},{\"@type\":\"Organization\",\"@id\":\"https:\/\/valorisimo.com\/fr\/#organization\",\"name\":\"Valorisimo\",\"url\":\"https:\/\/valorisimo.com\/fr\/\",\"logo\":{\"@type\":\"ImageObject\",\"inLanguage\":\"fr-FR\",\"@id\":\"https:\/\/valorisimo.com\/fr\/#\/schema\/logo\/image\/\",\"url\":\"https:\/\/valorisimo.com\/wp-content\/uploads\/2025\/10\/VALORISIMO-logo-white.webp\",\"contentUrl\":\"https:\/\/valorisimo.com\/wp-content\/uploads\/2025\/10\/VALORISIMO-logo-white.webp\",\"width\":370,\"height\":69,\"caption\":\"Valorisimo\"},\"image\":{\"@id\":\"https:\/\/valorisimo.com\/fr\/#\/schema\/logo\/image\/\"}},{\"@type\":\"Person\",\"@id\":\"https:\/\/valorisimo.com\/fr\/#\/schema\/person\/8bc50b2d5d182004752ea36d5737495f\",\"name\":\"Editors\",\"image\":{\"@type\":\"ImageObject\",\"inLanguage\":\"fr-FR\",\"@id\":\"https:\/\/valorisimo.com\/fr\/#\/schema\/person\/image\/\",\"url\":\"https:\/\/secure.gravatar.com\/avatar\/d2c898a30af3a67c31fde19c9f0fa61bbec86b12224b6d16aa5dc476262e567a?s=96&d=mm&r=g\",\"contentUrl\":\"https:\/\/secure.gravatar.com\/avatar\/d2c898a30af3a67c31fde19c9f0fa61bbec86b12224b6d16aa5dc476262e567a?s=96&d=mm&r=g\",\"caption\":\"Editors\"},\"sameAs\":[\"Hemal\"]}]}<\/script>\n<!-- \/ Yoast SEO plugin. -->","yoast_head_json":{"title":"Pr\u00e9avis de 90 jours requis pour l'augmentation de loyer - Valorisimo","description":"D\u00e9couvrez le pr\u00e9avis de 90 jours requis pour augmenter le loyer \u00e0 Dubai et les droits des locataires et obligations des bailleurs","robots":{"index":"index","follow":"follow","max-snippet":"max-snippet:-1","max-image-preview":"max-image-preview:large","max-video-preview":"max-video-preview:-1"},"canonical":"https:\/\/valorisimo.com\/fr\/wp-json\/wp\/v2\/posts\/26373\/","og_locale":"fr_FR","og_type":"article","og_title":"Pr\u00e9avis de 90 jours requis pour l'augmentation de loyer - Valorisimo","og_description":"D\u00e9couvrez le pr\u00e9avis de 90 jours requis pour augmenter le loyer \u00e0 Dubai et les droits des locataires et obligations des bailleurs","og_url":"https:\/\/valorisimo.com\/fr\/preavis-de-90-jours-requis\/","og_site_name":"Valorisimo","article_published_time":"2025-07-16T15:00:58+00:00","article_modified_time":"2025-10-18T11:13:43+00:00","og_image":[{"width":1280,"height":720,"url":"https:\/\/valorisimo.com\/wp-content\/uploads\/2025\/07\/90-Day-Notice-Required-for-Rent-Increases-in-Dubai-1.jpg","type":"image\/jpeg"}],"author":"Editors","twitter_card":"summary_large_image","twitter_misc":{"\u00c9crit par":"Editors","Dur\u00e9e de lecture estim\u00e9e":"3 minutes"},"schema":{"@context":"https:\/\/schema.org","@graph":[{"@type":"Article","@id":"https:\/\/valorisimo.com\/fr\/preavis-de-90-jours-requis\/#article","isPartOf":{"@id":"https:\/\/valorisimo.com\/fr\/preavis-de-90-jours-requis\/"},"author":{"name":"Editors","@id":"https:\/\/valorisimo.com\/fr\/#\/schema\/person\/8bc50b2d5d182004752ea36d5737495f"},"headline":"Pr\u00e9avis de 90 jours requis pour l&rsquo;augmentation de loyer","datePublished":"2025-07-16T15:00:58+00:00","dateModified":"2025-10-18T11:13:43+00:00","mainEntityOfPage":{"@id":"https:\/\/valorisimo.com\/fr\/preavis-de-90-jours-requis\/"},"wordCount":482,"publisher":{"@id":"https:\/\/valorisimo.com\/fr\/#organization"},"image":{"@id":"https:\/\/valorisimo.com\/fr\/preavis-de-90-jours-requis\/#primaryimage"},"thumbnailUrl":"https:\/\/valorisimo.com\/wp-content\/uploads\/2025\/07\/90-Day-Notice-Required-for-Rent-Increases-in-Dubai-1.jpg","articleSection":["Actualit\u00e9s","Dubai"],"inLanguage":"fr-FR"},{"@type":"WebPage","@id":"https:\/\/valorisimo.com\/fr\/preavis-de-90-jours-requis\/","url":"https:\/\/valorisimo.com\/fr\/preavis-de-90-jours-requis\/","name":"Pr\u00e9avis de 90 jours requis pour l'augmentation de loyer - Valorisimo","isPartOf":{"@id":"https:\/\/valorisimo.com\/fr\/#website"},"primaryImageOfPage":{"@id":"https:\/\/valorisimo.com\/fr\/preavis-de-90-jours-requis\/#primaryimage"},"image":{"@id":"https:\/\/valorisimo.com\/fr\/preavis-de-90-jours-requis\/#primaryimage"},"thumbnailUrl":"https:\/\/valorisimo.com\/wp-content\/uploads\/2025\/07\/90-Day-Notice-Required-for-Rent-Increases-in-Dubai-1.jpg","datePublished":"2025-07-16T15:00:58+00:00","dateModified":"2025-10-18T11:13:43+00:00","description":"D\u00e9couvrez le pr\u00e9avis de 90 jours requis pour augmenter le loyer \u00e0 Dubai et les droits des locataires et obligations des bailleurs","breadcrumb":{"@id":"https:\/\/valorisimo.com\/fr\/preavis-de-90-jours-requis\/#breadcrumb"},"inLanguage":"fr-FR","potentialAction":[{"@type":"ReadAction","target":["https:\/\/valorisimo.com\/fr\/preavis-de-90-jours-requis\/"]}]},{"@type":"ImageObject","inLanguage":"fr-FR","@id":"https:\/\/valorisimo.com\/fr\/preavis-de-90-jours-requis\/#primaryimage","url":"https:\/\/valorisimo.com\/wp-content\/uploads\/2025\/07\/90-Day-Notice-Required-for-Rent-Increases-in-Dubai-1.jpg","contentUrl":"https:\/\/valorisimo.com\/wp-content\/uploads\/2025\/07\/90-Day-Notice-Required-for-Rent-Increases-in-Dubai-1.jpg","width":1280,"height":720,"caption":"Pr\u00e9avis de 90 jours requis"},{"@type":"BreadcrumbList","@id":"https:\/\/valorisimo.com\/fr\/preavis-de-90-jours-requis\/#breadcrumb","itemListElement":[{"@type":"ListItem","position":1,"name":"Home","item":"https:\/\/valorisimo.com\/fr\/"},{"@type":"ListItem","position":2,"name":"Pr\u00e9avis de 90 jours requis pour l&#8217;augmentation de loyer"}]},{"@type":"WebSite","@id":"https:\/\/valorisimo.com\/fr\/#website","url":"https:\/\/valorisimo.com\/fr\/","name":"Valorisimo","description":"","publisher":{"@id":"https:\/\/valorisimo.com\/fr\/#organization"},"potentialAction":[{"@type":"SearchAction","target":{"@type":"EntryPoint","urlTemplate":"https:\/\/valorisimo.com\/fr\/?s={search_term_string}"},"query-input":{"@type":"PropertyValueSpecification","valueRequired":true,"valueName":"search_term_string"}}],"inLanguage":"fr-FR"},{"@type":"Organization","@id":"https:\/\/valorisimo.com\/fr\/#organization","name":"Valorisimo","url":"https:\/\/valorisimo.com\/fr\/","logo":{"@type":"ImageObject","inLanguage":"fr-FR","@id":"https:\/\/valorisimo.com\/fr\/#\/schema\/logo\/image\/","url":"https:\/\/valorisimo.com\/wp-content\/uploads\/2025\/10\/VALORISIMO-logo-white.webp","contentUrl":"https:\/\/valorisimo.com\/wp-content\/uploads\/2025\/10\/VALORISIMO-logo-white.webp","width":370,"height":69,"caption":"Valorisimo"},"image":{"@id":"https:\/\/valorisimo.com\/fr\/#\/schema\/logo\/image\/"}},{"@type":"Person","@id":"https:\/\/valorisimo.com\/fr\/#\/schema\/person\/8bc50b2d5d182004752ea36d5737495f","name":"Editors","image":{"@type":"ImageObject","inLanguage":"fr-FR","@id":"https:\/\/valorisimo.com\/fr\/#\/schema\/person\/image\/","url":"https:\/\/secure.gravatar.com\/avatar\/d2c898a30af3a67c31fde19c9f0fa61bbec86b12224b6d16aa5dc476262e567a?s=96&d=mm&r=g","contentUrl":"https:\/\/secure.gravatar.com\/avatar\/d2c898a30af3a67c31fde19c9f0fa61bbec86b12224b6d16aa5dc476262e567a?s=96&d=mm&r=g","caption":"Editors"},"sameAs":["Hemal"]}]}},"_links":{"self":[{"href":"https:\/\/valorisimo.com\/fr\/wp-json\/wp\/v2\/posts\/26373","targetHints":{"allow":["GET"]}}],"collection":[{"href":"https:\/\/valorisimo.com\/fr\/wp-json\/wp\/v2\/posts"}],"about":[{"href":"https:\/\/valorisimo.com\/fr\/wp-json\/wp\/v2\/types\/post"}],"author":[{"embeddable":true,"href":"https:\/\/valorisimo.com\/fr\/wp-json\/wp\/v2\/users\/6"}],"replies":[{"embeddable":true,"href":"https:\/\/valorisimo.com\/fr\/wp-json\/wp\/v2\/comments?post=26373"}],"version-history":[{"count":2,"href":"https:\/\/valorisimo.com\/fr\/wp-json\/wp\/v2\/posts\/26373\/revisions"}],"predecessor-version":[{"id":29221,"href":"https:\/\/valorisimo.com\/fr\/wp-json\/wp\/v2\/posts\/26373\/revisions\/29221"}],"wp:featuredmedia":[{"embeddable":true,"href":"https:\/\/valorisimo.com\/fr\/wp-json\/wp\/v2\/media\/26378"}],"wp:attachment":[{"href":"https:\/\/valorisimo.com\/fr\/wp-json\/wp\/v2\/media?parent=26373"}],"wp:term":[{"taxonomy":"category","embeddable":true,"href":"https:\/\/valorisimo.com\/fr\/wp-json\/wp\/v2\/categories?post=26373"},{"taxonomy":"post_tag","embeddable":true,"href":"https:\/\/valorisimo.com\/fr\/wp-json\/wp\/v2\/tags?post=26373"}],"curies":[{"name":"wp","href":"https:\/\/api.w.org\/{rel}","templated":true}]}}