{"id":26312,"date":"2025-07-14T11:51:40","date_gmt":"2025-07-14T11:51:40","guid":{"rendered":"https:\/\/valorisimo.com\/?p=26312"},"modified":"2025-10-18T11:15:28","modified_gmt":"2025-10-18T11:15:28","slug":"les-17-ans-pourront-bientot-conduire-aux-emirats","status":"publish","type":"post","link":"https:\/\/valorisimo.com\/fr\/les-17-ans-pourront-bientot-conduire-aux-emirats\/","title":{"rendered":"Les 17 ans pourront bient\u00f4t conduire aux \u00c9mirats"},"content":{"rendered":"<h1>Les 17 ans pourront bient\u00f4t conduire aux \u00c9mirats<\/h1>\n<p>Les \u00c9mirats Arabes Unis viennent d\u2019approuver une loi majeure permettant aux 17 ans de conduire bient\u00f4t l\u00e9galement. Annonc\u00e9e \u00e0 la mi-2025, cette r\u00e9forme s\u2019inscrit dans une vision modernis\u00e9e du transport, de l\u2019\u00e9ducation et du d\u00e9veloppement \u00e9conomique.<\/p>\n<p><span style=\"font-weight: 400;\">Align\u00e9e sur les normes internationales, cette mesure place les jeunes au c\u0153ur de la mobilit\u00e9 urbaine de demain.<\/span><\/p>\n<h2>Mise en \u0153uvre progressive d\u00e8s 2026<\/h2>\n<p><span style=\"font-weight: 400;\">Selon le minist\u00e8re de l\u2019Int\u00e9rieur, la mise en \u0153uvre commencera <\/span><b>d\u00e9but 2026<\/b><span style=\"font-weight: 400;\">, avec des \u00e9tapes progressives.<\/span><\/p>\n<p><b>\u00c9tapes cl\u00e9s pr\u00e9vues<\/b><span style=\"font-weight: 400;\"> :<\/span><\/p>\n<ul>\n<li style=\"font-weight: 400;\" aria-level=\"1\"><span style=\"font-weight: 400;\">Permis d\u2019apprentissage d\u00e8s <\/span><b>fin 2025<\/b><b><br \/>\n<\/b><\/li>\n<li style=\"font-weight: 400;\" aria-level=\"1\"><span style=\"font-weight: 400;\">Examens de conduite et permis d\u00e8s <\/span><b>T1 2026<\/b><b><br \/>\n<\/b><\/li>\n<li style=\"font-weight: 400;\" aria-level=\"1\"><span style=\"font-weight: 400;\">Cours de conduite int\u00e9gr\u00e9s dans les lyc\u00e9es<\/span><span style=\"font-weight: 400;\"><br \/>\n<\/span><\/li>\n<\/ul>\n<p><span style=\"font-weight: 400;\">Les jeunes auront besoin de l&rsquo;accord parental et devront pr\u00e9senter un comportement exemplaire pour \u00eatre \u00e9ligibles.<\/span><\/p>\n<h2>Pourquoi maintenant ?<\/h2>\n<h4>Plus d\u2019autonomie pour les jeunes<\/h4>\n<p><span style=\"font-weight: 400;\">Cette r\u00e9forme vise \u00e0 lib\u00e9rer les familles de charges logistiques et \u00e0 favoriser l\u2019autonomie des \u00e9tudiants, qui pourront acc\u00e9der plus facilement aux emplois \u00e0 temps partiel et aux activit\u00e9s extra-scolaires.<\/span><\/p>\n<h4>Stimuler la participation \u00e9conomique<\/h4>\n<p><span style=\"font-weight: 400;\">Avec un taux de ch\u00f4mage des jeunes estim\u00e9 \u00e0 <\/span><b>9,6 %<\/b><span style=\"font-weight: 400;\"> en 2024, cette d\u00e9cision encourage l\u2019engagement actif des adolescents dans la soci\u00e9t\u00e9.<\/span><\/p>\n<h4>Int\u00e9gration dans le futur du transport intelligent<\/h4>\n<p><span style=\"font-weight: 400;\">La r\u00e9forme s\u2019inscrit \u00e9galement dans la vision <\/span><b>smart city<\/b><span style=\"font-weight: 400;\"> des \u00c9mirats, avec un syst\u00e8me routier de plus en plus automatis\u00e9. Former les jeunes d\u00e8s maintenant facilitera la transition vers les v\u00e9hicules autonomes.<\/span><\/p>\n<h2>R\u00e9glementation et s\u00e9curit\u00e9 routi\u00e8re<\/h2>\n<p><span style=\"font-weight: 400;\">La s\u00e9curit\u00e9 reste une priorit\u00e9. Le processus de d\u00e9livrance de permis aux moins de 18 ans sera encadr\u00e9 par des normes strictes :<\/span><\/p>\n<ul>\n<li style=\"font-weight: 400;\" aria-level=\"1\"><span style=\"font-weight: 400;\">Interdiction de conduire apr\u00e8s 22h sans accompagnateur<\/span><span style=\"font-weight: 400;\"><br \/>\n<\/span><\/li>\n<li style=\"font-weight: 400;\" aria-level=\"1\"><span style=\"font-weight: 400;\">Limitation de vitesse \u00e0 <\/span><b>80 km\/h<\/b><b><br \/>\n<\/b><\/li>\n<li style=\"font-weight: 400;\" aria-level=\"1\"><span style=\"font-weight: 400;\">Suivi \u00e9lectronique des trajets<\/span><span style=\"font-weight: 400;\"><br \/>\n<\/span><\/li>\n<\/ul>\n<p><span style=\"font-weight: 400;\">Les assurances proposeront des offres adapt\u00e9es avec surveillance t\u00e9l\u00e9matique.<\/span><\/p>\n<h3>R\u00e9percussions immobili\u00e8res<\/h3>\n<h4>Logement \u00e9tudiant et mobilit\u00e9s nouvelles<\/h4>\n<p><span style=\"font-weight: 400;\">Une mobilit\u00e9 accrue pourrait dynamiser la demande pour des logements \u00e9tudiants, proches des campus et bien connect\u00e9s.<\/span><\/p>\n<h4>Valorisation des zones p\u00e9riph\u00e9riques<\/h4>\n<p>Les zones en p\u00e9riph\u00e9rie pourraient devenir plus attractives. Les 17 ans pourront bient\u00f4t conduire, ce qui pourrait faire grimper la valeur des quartiers moins desservis par les transports publics.<\/p>\n<h4>Opportunit\u00e9s pour Valorisimo<\/h4>\n<p><span style=\"font-weight: 400;\">Chez <\/span><a href=\"https:\/\/valorisimo.com\/fr\/\"><b>Valorisimo<\/b><\/a><span style=\"font-weight: 400;\">, nous anticipons d\u00e9j\u00e0 ces \u00e9volutions. Les investisseurs devraient suivre de pr\u00e8s les d\u00e9veloppements autour des infrastructures scolaires et routi\u00e8res.<\/span><\/p>\n<h3>Vers une soci\u00e9t\u00e9 plus autonome<\/h3>\n<p><span style=\"font-weight: 400;\">Au-del\u00e0 de l\u2019aspect technique, cette r\u00e9forme repr\u00e9sente une ouverture vers une culture de responsabilit\u00e9, de mobilit\u00e9 et d\u2019int\u00e9gration \u00e9conomique pour les jeunes.<\/span><\/p>\n<p>Avec cette nouvelle l\u00e9gislation, les 17 ans pourront bient\u00f4t conduire aux \u00c9mirats, ce qui impactera la mobilit\u00e9, l\u2019\u00e9ducation et l\u2019immobilier. Une transformation que Valorisimo vous aide \u00e0 anticiper.<\/p>\n","protected":false},"excerpt":{"rendered":"<p>Les 17 ans pourront bient\u00f4t conduire aux \u00c9mirats Les \u00c9mirats Arabes Unis viennent d\u2019approuver une loi majeure permettant aux 17 ans de conduire bient\u00f4t l\u00e9galement. Annonc\u00e9e \u00e0 la mi-2025, cette r\u00e9forme s\u2019inscrit dans une vision modernis\u00e9e du transport, de l\u2019\u00e9ducation et du d\u00e9veloppement \u00e9conomique. Align\u00e9e sur les normes internationales, cette mesure place les jeunes au [&hellip;]<\/p>\n","protected":false},"author":6,"featured_media":26309,"comment_status":"closed","ping_status":"open","sticky":false,"template":"","format":"standard","meta":{"footnotes":""},"categories":[111,103],"tags":[],"class_list":["post-26312","post","type-post","status-publish","format-standard","has-post-thumbnail","hentry","category-actualites","category-dubai-fr"],"yoast_head":"<!-- This site is optimized with the Yoast SEO plugin v26.5 - https:\/\/yoast.com\/wordpress\/plugins\/seo\/ -->\n<title>Les 17 ans pourront bient\u00f4t conduire aux \u00c9mirats - Valorisimo<\/title>\n<meta name=\"description\" content=\"Les 17 ans pourront bient\u00f4t conduire aux \u00c9mirats selon une nouvelle loi, avec impact sur l\u2019\u00e9ducation, la mobilit\u00e9 et l\u2019immobilier.\" \/>\n<meta name=\"robots\" content=\"index, follow, max-snippet:-1, max-image-preview:large, max-video-preview:-1\" \/>\n<link rel=\"canonical\" href=\"https:\/\/valorisimo.com\/fr\/wp-json\/wp\/v2\/posts\/26312\/\" \/>\n<meta property=\"og:locale\" content=\"fr_FR\" \/>\n<meta property=\"og:type\" content=\"article\" \/>\n<meta property=\"og:title\" content=\"Les 17 ans pourront bient\u00f4t conduire aux \u00c9mirats - Valorisimo\" \/>\n<meta property=\"og:description\" content=\"Les 17 ans pourront bient\u00f4t conduire aux \u00c9mirats selon une nouvelle loi, avec impact sur l\u2019\u00e9ducation, la mobilit\u00e9 et l\u2019immobilier.\" \/>\n<meta property=\"og:url\" content=\"https:\/\/valorisimo.com\/fr\/les-17-ans-pourront-bientot-conduire-aux-emirats\/\" \/>\n<meta property=\"og:site_name\" content=\"Valorisimo\" \/>\n<meta property=\"article:published_time\" content=\"2025-07-14T11:51:40+00:00\" \/>\n<meta property=\"article:modified_time\" content=\"2025-10-18T11:15:28+00:00\" \/>\n<meta property=\"og:image\" content=\"https:\/\/valorisimo.com\/wp-content\/uploads\/2025\/07\/17-year-olds-will-soon-be-able-to-drive-in-UAE.jpg\" \/>\n\t<meta property=\"og:image:width\" content=\"1280\" \/>\n\t<meta property=\"og:image:height\" content=\"720\" \/>\n\t<meta property=\"og:image:type\" content=\"image\/jpeg\" \/>\n<meta name=\"author\" content=\"Editors\" \/>\n<meta name=\"twitter:card\" content=\"summary_large_image\" \/>\n<meta name=\"twitter:label1\" content=\"\u00c9crit par\" \/>\n\t<meta name=\"twitter:data1\" content=\"Editors\" \/>\n\t<meta name=\"twitter:label2\" content=\"Dur\u00e9e de lecture estim\u00e9e\" \/>\n\t<meta name=\"twitter:data2\" content=\"3 minutes\" \/>\n<script type=\"application\/ld+json\" class=\"yoast-schema-graph\">{\"@context\":\"https:\/\/schema.org\",\"@graph\":[{\"@type\":\"Article\",\"@id\":\"https:\/\/valorisimo.com\/fr\/les-17-ans-pourront-bientot-conduire-aux-emirats\/#article\",\"isPartOf\":{\"@id\":\"https:\/\/valorisimo.com\/fr\/les-17-ans-pourront-bientot-conduire-aux-emirats\/\"},\"author\":{\"name\":\"Editors\",\"@id\":\"https:\/\/valorisimo.com\/fr\/#\/schema\/person\/8bc50b2d5d182004752ea36d5737495f\"},\"headline\":\"Les 17 ans pourront bient\u00f4t conduire aux \u00c9mirats\",\"datePublished\":\"2025-07-14T11:51:40+00:00\",\"dateModified\":\"2025-10-18T11:15:28+00:00\",\"mainEntityOfPage\":{\"@id\":\"https:\/\/valorisimo.com\/fr\/les-17-ans-pourront-bientot-conduire-aux-emirats\/\"},\"wordCount\":479,\"publisher\":{\"@id\":\"https:\/\/valorisimo.com\/fr\/#organization\"},\"image\":{\"@id\":\"https:\/\/valorisimo.com\/fr\/les-17-ans-pourront-bientot-conduire-aux-emirats\/#primaryimage\"},\"thumbnailUrl\":\"https:\/\/valorisimo.com\/wp-content\/uploads\/2025\/07\/17-year-olds-will-soon-be-able-to-drive-in-UAE.jpg\",\"articleSection\":[\"Actualit\u00e9s\",\"Dubai\"],\"inLanguage\":\"fr-FR\"},{\"@type\":\"WebPage\",\"@id\":\"https:\/\/valorisimo.com\/fr\/les-17-ans-pourront-bientot-conduire-aux-emirats\/\",\"url\":\"https:\/\/valorisimo.com\/fr\/les-17-ans-pourront-bientot-conduire-aux-emirats\/\",\"name\":\"Les 17 ans pourront bient\u00f4t conduire aux \u00c9mirats - Valorisimo\",\"isPartOf\":{\"@id\":\"https:\/\/valorisimo.com\/fr\/#website\"},\"primaryImageOfPage\":{\"@id\":\"https:\/\/valorisimo.com\/fr\/les-17-ans-pourront-bientot-conduire-aux-emirats\/#primaryimage\"},\"image\":{\"@id\":\"https:\/\/valorisimo.com\/fr\/les-17-ans-pourront-bientot-conduire-aux-emirats\/#primaryimage\"},\"thumbnailUrl\":\"https:\/\/valorisimo.com\/wp-content\/uploads\/2025\/07\/17-year-olds-will-soon-be-able-to-drive-in-UAE.jpg\",\"datePublished\":\"2025-07-14T11:51:40+00:00\",\"dateModified\":\"2025-10-18T11:15:28+00:00\",\"description\":\"Les 17 ans pourront bient\u00f4t conduire aux \u00c9mirats selon une nouvelle loi, avec impact sur l\u2019\u00e9ducation, la mobilit\u00e9 et l\u2019immobilier.\",\"breadcrumb\":{\"@id\":\"https:\/\/valorisimo.com\/fr\/les-17-ans-pourront-bientot-conduire-aux-emirats\/#breadcrumb\"},\"inLanguage\":\"fr-FR\",\"potentialAction\":[{\"@type\":\"ReadAction\",\"target\":[\"https:\/\/valorisimo.com\/fr\/les-17-ans-pourront-bientot-conduire-aux-emirats\/\"]}]},{\"@type\":\"ImageObject\",\"inLanguage\":\"fr-FR\",\"@id\":\"https:\/\/valorisimo.com\/fr\/les-17-ans-pourront-bientot-conduire-aux-emirats\/#primaryimage\",\"url\":\"https:\/\/valorisimo.com\/wp-content\/uploads\/2025\/07\/17-year-olds-will-soon-be-able-to-drive-in-UAE.jpg\",\"contentUrl\":\"https:\/\/valorisimo.com\/wp-content\/uploads\/2025\/07\/17-year-olds-will-soon-be-able-to-drive-in-UAE.jpg\",\"width\":1280,\"height\":720,\"caption\":\"17-year-olds will soon be able to drive in UAE Les 17 ans pourront bient\u00f4t conduire aux \u00c9mirats\"},{\"@type\":\"BreadcrumbList\",\"@id\":\"https:\/\/valorisimo.com\/fr\/les-17-ans-pourront-bientot-conduire-aux-emirats\/#breadcrumb\",\"itemListElement\":[{\"@type\":\"ListItem\",\"position\":1,\"name\":\"Home\",\"item\":\"https:\/\/valorisimo.com\/fr\/\"},{\"@type\":\"ListItem\",\"position\":2,\"name\":\"Les 17 ans pourront bient\u00f4t conduire aux \u00c9mirats\"}]},{\"@type\":\"WebSite\",\"@id\":\"https:\/\/valorisimo.com\/fr\/#website\",\"url\":\"https:\/\/valorisimo.com\/fr\/\",\"name\":\"Valorisimo\",\"description\":\"\",\"publisher\":{\"@id\":\"https:\/\/valorisimo.com\/fr\/#organization\"},\"potentialAction\":[{\"@type\":\"SearchAction\",\"target\":{\"@type\":\"EntryPoint\",\"urlTemplate\":\"https:\/\/valorisimo.com\/fr\/?s={search_term_string}\"},\"query-input\":{\"@type\":\"PropertyValueSpecification\",\"valueRequired\":true,\"valueName\":\"search_term_string\"}}],\"inLanguage\":\"fr-FR\"},{\"@type\":\"Organization\",\"@id\":\"https:\/\/valorisimo.com\/fr\/#organization\",\"name\":\"Valorisimo\",\"url\":\"https:\/\/valorisimo.com\/fr\/\",\"logo\":{\"@type\":\"ImageObject\",\"inLanguage\":\"fr-FR\",\"@id\":\"https:\/\/valorisimo.com\/fr\/#\/schema\/logo\/image\/\",\"url\":\"https:\/\/valorisimo.com\/wp-content\/uploads\/2025\/10\/VALORISIMO-logo-white.webp\",\"contentUrl\":\"https:\/\/valorisimo.com\/wp-content\/uploads\/2025\/10\/VALORISIMO-logo-white.webp\",\"width\":370,\"height\":69,\"caption\":\"Valorisimo\"},\"image\":{\"@id\":\"https:\/\/valorisimo.com\/fr\/#\/schema\/logo\/image\/\"}},{\"@type\":\"Person\",\"@id\":\"https:\/\/valorisimo.com\/fr\/#\/schema\/person\/8bc50b2d5d182004752ea36d5737495f\",\"name\":\"Editors\",\"image\":{\"@type\":\"ImageObject\",\"inLanguage\":\"fr-FR\",\"@id\":\"https:\/\/valorisimo.com\/fr\/#\/schema\/person\/image\/\",\"url\":\"https:\/\/secure.gravatar.com\/avatar\/d2c898a30af3a67c31fde19c9f0fa61bbec86b12224b6d16aa5dc476262e567a?s=96&d=mm&r=g\",\"contentUrl\":\"https:\/\/secure.gravatar.com\/avatar\/d2c898a30af3a67c31fde19c9f0fa61bbec86b12224b6d16aa5dc476262e567a?s=96&d=mm&r=g\",\"caption\":\"Editors\"},\"sameAs\":[\"Hemal\"]}]}<\/script>\n<!-- \/ Yoast SEO plugin. -->","yoast_head_json":{"title":"Les 17 ans pourront bient\u00f4t conduire aux \u00c9mirats - Valorisimo","description":"Les 17 ans pourront bient\u00f4t conduire aux \u00c9mirats selon une nouvelle loi, avec impact sur l\u2019\u00e9ducation, la mobilit\u00e9 et l\u2019immobilier.","robots":{"index":"index","follow":"follow","max-snippet":"max-snippet:-1","max-image-preview":"max-image-preview:large","max-video-preview":"max-video-preview:-1"},"canonical":"https:\/\/valorisimo.com\/fr\/wp-json\/wp\/v2\/posts\/26312\/","og_locale":"fr_FR","og_type":"article","og_title":"Les 17 ans pourront bient\u00f4t conduire aux \u00c9mirats - Valorisimo","og_description":"Les 17 ans pourront bient\u00f4t conduire aux \u00c9mirats selon une nouvelle loi, avec impact sur l\u2019\u00e9ducation, la mobilit\u00e9 et l\u2019immobilier.","og_url":"https:\/\/valorisimo.com\/fr\/les-17-ans-pourront-bientot-conduire-aux-emirats\/","og_site_name":"Valorisimo","article_published_time":"2025-07-14T11:51:40+00:00","article_modified_time":"2025-10-18T11:15:28+00:00","og_image":[{"width":1280,"height":720,"url":"https:\/\/valorisimo.com\/wp-content\/uploads\/2025\/07\/17-year-olds-will-soon-be-able-to-drive-in-UAE.jpg","type":"image\/jpeg"}],"author":"Editors","twitter_card":"summary_large_image","twitter_misc":{"\u00c9crit par":"Editors","Dur\u00e9e de lecture estim\u00e9e":"3 minutes"},"schema":{"@context":"https:\/\/schema.org","@graph":[{"@type":"Article","@id":"https:\/\/valorisimo.com\/fr\/les-17-ans-pourront-bientot-conduire-aux-emirats\/#article","isPartOf":{"@id":"https:\/\/valorisimo.com\/fr\/les-17-ans-pourront-bientot-conduire-aux-emirats\/"},"author":{"name":"Editors","@id":"https:\/\/valorisimo.com\/fr\/#\/schema\/person\/8bc50b2d5d182004752ea36d5737495f"},"headline":"Les 17 ans pourront bient\u00f4t conduire aux \u00c9mirats","datePublished":"2025-07-14T11:51:40+00:00","dateModified":"2025-10-18T11:15:28+00:00","mainEntityOfPage":{"@id":"https:\/\/valorisimo.com\/fr\/les-17-ans-pourront-bientot-conduire-aux-emirats\/"},"wordCount":479,"publisher":{"@id":"https:\/\/valorisimo.com\/fr\/#organization"},"image":{"@id":"https:\/\/valorisimo.com\/fr\/les-17-ans-pourront-bientot-conduire-aux-emirats\/#primaryimage"},"thumbnailUrl":"https:\/\/valorisimo.com\/wp-content\/uploads\/2025\/07\/17-year-olds-will-soon-be-able-to-drive-in-UAE.jpg","articleSection":["Actualit\u00e9s","Dubai"],"inLanguage":"fr-FR"},{"@type":"WebPage","@id":"https:\/\/valorisimo.com\/fr\/les-17-ans-pourront-bientot-conduire-aux-emirats\/","url":"https:\/\/valorisimo.com\/fr\/les-17-ans-pourront-bientot-conduire-aux-emirats\/","name":"Les 17 ans pourront bient\u00f4t conduire aux \u00c9mirats - Valorisimo","isPartOf":{"@id":"https:\/\/valorisimo.com\/fr\/#website"},"primaryImageOfPage":{"@id":"https:\/\/valorisimo.com\/fr\/les-17-ans-pourront-bientot-conduire-aux-emirats\/#primaryimage"},"image":{"@id":"https:\/\/valorisimo.com\/fr\/les-17-ans-pourront-bientot-conduire-aux-emirats\/#primaryimage"},"thumbnailUrl":"https:\/\/valorisimo.com\/wp-content\/uploads\/2025\/07\/17-year-olds-will-soon-be-able-to-drive-in-UAE.jpg","datePublished":"2025-07-14T11:51:40+00:00","dateModified":"2025-10-18T11:15:28+00:00","description":"Les 17 ans pourront bient\u00f4t conduire aux \u00c9mirats selon une nouvelle loi, avec impact sur l\u2019\u00e9ducation, la mobilit\u00e9 et l\u2019immobilier.","breadcrumb":{"@id":"https:\/\/valorisimo.com\/fr\/les-17-ans-pourront-bientot-conduire-aux-emirats\/#breadcrumb"},"inLanguage":"fr-FR","potentialAction":[{"@type":"ReadAction","target":["https:\/\/valorisimo.com\/fr\/les-17-ans-pourront-bientot-conduire-aux-emirats\/"]}]},{"@type":"ImageObject","inLanguage":"fr-FR","@id":"https:\/\/valorisimo.com\/fr\/les-17-ans-pourront-bientot-conduire-aux-emirats\/#primaryimage","url":"https:\/\/valorisimo.com\/wp-content\/uploads\/2025\/07\/17-year-olds-will-soon-be-able-to-drive-in-UAE.jpg","contentUrl":"https:\/\/valorisimo.com\/wp-content\/uploads\/2025\/07\/17-year-olds-will-soon-be-able-to-drive-in-UAE.jpg","width":1280,"height":720,"caption":"17-year-olds will soon be able to drive in UAE Les 17 ans pourront bient\u00f4t conduire aux \u00c9mirats"},{"@type":"BreadcrumbList","@id":"https:\/\/valorisimo.com\/fr\/les-17-ans-pourront-bientot-conduire-aux-emirats\/#breadcrumb","itemListElement":[{"@type":"ListItem","position":1,"name":"Home","item":"https:\/\/valorisimo.com\/fr\/"},{"@type":"ListItem","position":2,"name":"Les 17 ans pourront bient\u00f4t conduire aux \u00c9mirats"}]},{"@type":"WebSite","@id":"https:\/\/valorisimo.com\/fr\/#website","url":"https:\/\/valorisimo.com\/fr\/","name":"Valorisimo","description":"","publisher":{"@id":"https:\/\/valorisimo.com\/fr\/#organization"},"potentialAction":[{"@type":"SearchAction","target":{"@type":"EntryPoint","urlTemplate":"https:\/\/valorisimo.com\/fr\/?s={search_term_string}"},"query-input":{"@type":"PropertyValueSpecification","valueRequired":true,"valueName":"search_term_string"}}],"inLanguage":"fr-FR"},{"@type":"Organization","@id":"https:\/\/valorisimo.com\/fr\/#organization","name":"Valorisimo","url":"https:\/\/valorisimo.com\/fr\/","logo":{"@type":"ImageObject","inLanguage":"fr-FR","@id":"https:\/\/valorisimo.com\/fr\/#\/schema\/logo\/image\/","url":"https:\/\/valorisimo.com\/wp-content\/uploads\/2025\/10\/VALORISIMO-logo-white.webp","contentUrl":"https:\/\/valorisimo.com\/wp-content\/uploads\/2025\/10\/VALORISIMO-logo-white.webp","width":370,"height":69,"caption":"Valorisimo"},"image":{"@id":"https:\/\/valorisimo.com\/fr\/#\/schema\/logo\/image\/"}},{"@type":"Person","@id":"https:\/\/valorisimo.com\/fr\/#\/schema\/person\/8bc50b2d5d182004752ea36d5737495f","name":"Editors","image":{"@type":"ImageObject","inLanguage":"fr-FR","@id":"https:\/\/valorisimo.com\/fr\/#\/schema\/person\/image\/","url":"https:\/\/secure.gravatar.com\/avatar\/d2c898a30af3a67c31fde19c9f0fa61bbec86b12224b6d16aa5dc476262e567a?s=96&d=mm&r=g","contentUrl":"https:\/\/secure.gravatar.com\/avatar\/d2c898a30af3a67c31fde19c9f0fa61bbec86b12224b6d16aa5dc476262e567a?s=96&d=mm&r=g","caption":"Editors"},"sameAs":["Hemal"]}]}},"_links":{"self":[{"href":"https:\/\/valorisimo.com\/fr\/wp-json\/wp\/v2\/posts\/26312","targetHints":{"allow":["GET"]}}],"collection":[{"href":"https:\/\/valorisimo.com\/fr\/wp-json\/wp\/v2\/posts"}],"about":[{"href":"https:\/\/valorisimo.com\/fr\/wp-json\/wp\/v2\/types\/post"}],"author":[{"embeddable":true,"href":"https:\/\/valorisimo.com\/fr\/wp-json\/wp\/v2\/users\/6"}],"replies":[{"embeddable":true,"href":"https:\/\/valorisimo.com\/fr\/wp-json\/wp\/v2\/comments?post=26312"}],"version-history":[{"count":2,"href":"https:\/\/valorisimo.com\/fr\/wp-json\/wp\/v2\/posts\/26312\/revisions"}],"predecessor-version":[{"id":29225,"href":"https:\/\/valorisimo.com\/fr\/wp-json\/wp\/v2\/posts\/26312\/revisions\/29225"}],"wp:featuredmedia":[{"embeddable":true,"href":"https:\/\/valorisimo.com\/fr\/wp-json\/wp\/v2\/media\/26309"}],"wp:attachment":[{"href":"https:\/\/valorisimo.com\/fr\/wp-json\/wp\/v2\/media?parent=26312"}],"wp:term":[{"taxonomy":"category","embeddable":true,"href":"https:\/\/valorisimo.com\/fr\/wp-json\/wp\/v2\/categories?post=26312"},{"taxonomy":"post_tag","embeddable":true,"href":"https:\/\/valorisimo.com\/fr\/wp-json\/wp\/v2\/tags?post=26312"}],"curies":[{"name":"wp","href":"https:\/\/api.w.org\/{rel}","templated":true}]}}