{"id":26272,"date":"2025-07-13T16:40:38","date_gmt":"2025-07-13T16:40:38","guid":{"rendered":"https:\/\/valorisimo.com\/?p=26272"},"modified":"2025-10-19T10:05:48","modified_gmt":"2025-10-19T10:05:48","slug":"les-emirats-lanceront-etihad-sat","status":"publish","type":"post","link":"https:\/\/valorisimo.com\/fr\/les-emirats-lanceront-etihad-sat\/","title":{"rendered":"Les \u00c9mirats lanceront Etihad-SAT en mars 2025"},"content":{"rendered":"<article class=\"text-token-text-primary w-full\" dir=\"auto\" data-testid=\"conversation-turn-266\" data-scroll-anchor=\"true\">\n<div class=\"text-base my-auto mx-auto py-5 [--thread-content-margin:--spacing(4)] @[37rem]:[--thread-content-margin:--spacing(6)] @[72rem]:[--thread-content-margin:--spacing(16)] px-(--thread-content-margin)\">\n<div class=\"[--thread-content-max-width:32rem] @[34rem]:[--thread-content-max-width:40rem] @[64rem]:[--thread-content-max-width:48rem] mx-auto flex max-w-(--thread-content-max-width) flex-1 text-base gap-4 md:gap-5 lg:gap-6 group\/turn-messages focus-visible:outline-hidden\" tabindex=\"-1\">\n<div class=\"group\/conversation-turn relative flex w-full min-w-0 flex-col agent-turn\">\n<div class=\"relative flex-col gap-1 md:gap-3\">\n<div class=\"flex max-w-full flex-col grow\">\n<div class=\"min-h-8 text-message relative flex w-full flex-col items-end gap-2 text-start break-words whitespace-normal [.text-message+&amp;]:mt-5\" dir=\"auto\" data-message-author-role=\"assistant\" data-message-id=\"ae7e865f-5478-48c8-975b-0feb34edbc93\" data-message-model-slug=\"gpt-4o\">\n<div class=\"flex w-full flex-col gap-1 empty:hidden first:pt-[3px]\">\n<div class=\"markdown prose dark:prose-invert w-full break-words light\">\n<h1 data-start=\"65\" data-end=\"675\">Les \u00c9mirats lanceront Etihad-SAT en mars 2025<\/h1>\n<p data-start=\"65\" data-end=\"675\" data-is-last-node=\"\" data-is-only-node=\"\">Les \u00c9mirats Arabes Unis s\u2019appr\u00eatent \u00e0 lancer le projet spatial Etihad-SAT en mars 2025, un tournant d\u00e9cisif dans leur ambition technologique et scientifique. Les \u00c9mirats lanceront Etihad-SAT pour renforcer leur pr\u00e9sence dans le secteur spatial mondial. Ce satellite symbolise une nouvelle \u00e8re pour le pays, en soutenant les efforts d\u2019observation de la Terre, de communication s\u00e9curis\u00e9e et de r\u00e9silience nationale. Il marque \u00e9galement l&rsquo;engagement continu des \u00c9mirats en mati\u00e8re d&rsquo;innovation et de d\u00e9veloppement durable, en ligne avec la strat\u00e9gie nationale pour l\u2019espace et la transformation num\u00e9rique du pays.<\/p>\n<\/div>\n<\/div>\n<\/div>\n<\/div>\n<\/div>\n<\/div>\n<\/div>\n<\/div>\n<\/article>\n<p><strong>Qu&rsquo;est-ce que Etihad-SAT ?<\/strong><\/p>\n<p><span style=\"font-weight: 400;\">Etihad-SAT est un satellite enti\u00e8rement con\u00e7u par des ing\u00e9nieurs et scientifiques \u00e9miratis. Sa mission principale est l\u2019observation de la Terre \u00e0 haute r\u00e9solution, au service de secteurs vari\u00e9s : agriculture, planification urbaine, environnement, s\u00e9curit\u00e9 nationale.<\/span><\/p>\n<p><span style=\"font-weight: 400;\">Il dispose de capteurs d\u2019imagerie avanc\u00e9s, de traitement par intelligence artificielle embarqu\u00e9e et de syst\u00e8mes de cryptage hautement s\u00e9curis\u00e9s.<\/span><\/p>\n<h2>Un lancement strat\u00e9gique en mars 2025<\/h2>\n<p><span style=\"font-weight: 400;\">Mars 2025 a \u00e9t\u00e9 choisi avec soin. La date co\u00efncide avec :<\/span><\/p>\n<ul>\n<li style=\"font-weight: 400;\" aria-level=\"1\"><span style=\"font-weight: 400;\">Le jubil\u00e9 d\u2019or de la transformation technologique des \u00c9mirats<\/span><span style=\"font-weight: 400;\"><br \/>\n<\/span><\/li>\n<li style=\"font-weight: 400;\" aria-level=\"1\"><span style=\"font-weight: 400;\">Les objectifs de la Vision 2071 en mati\u00e8re d\u2019innovation<\/span><span style=\"font-weight: 400;\"><br \/>\n<\/span><\/li>\n<li style=\"font-weight: 400;\" aria-level=\"1\"><span style=\"font-weight: 400;\">L\u2019ambition de devenir un hub r\u00e9gional des technologies spatiales<\/span><span style=\"font-weight: 400;\"><br \/>\n<\/span><\/li>\n<\/ul>\n<p><span style=\"font-weight: 400;\">Ce timing strat\u00e9gique souligne l\u2019engagement du pays \u00e0 long terme dans l\u2019\u00e9conomie spatiale mondiale.<\/span><\/p>\n<h2>Collaboration nationale et mont\u00e9e en comp\u00e9tences<\/h2>\n<p><span style=\"font-weight: 400;\">Ce qui distingue Etihad-SAT, c\u2019est l\u2019expertise 100 % locale qui l\u2019a con\u00e7u. Ing\u00e9nieurs form\u00e9s \u00e0 l\u2019Universit\u00e9 Khalifa ou au Centre Spatial Mohammed bin Rashid participent \u00e0 ce projet.<\/span><\/p>\n<p><span style=\"font-weight: 400;\">Ce choix renforce l\u2019ind\u00e9pendance technologique des \u00c9mirats tout en favorisant la formation de talents et la cr\u00e9ation d\u2019un \u00e9cosyst\u00e8me spatial durable.<\/span><\/p>\n<h2>Caract\u00e9ristiques techniques<\/h2>\n<p><span style=\"font-weight: 400;\">Etihad-SAT se distingue par ses fonctionnalit\u00e9s :<\/span><\/p>\n<ul>\n<li style=\"font-weight: 400;\" aria-level=\"1\"><span style=\"font-weight: 400;\">Imagerie optique et multispectrale \u00e0 haute r\u00e9solution<\/span><span style=\"font-weight: 400;\"><br \/>\n<\/span><\/li>\n<li style=\"font-weight: 400;\" aria-level=\"1\"><span style=\"font-weight: 400;\">Transmission de donn\u00e9es en temps r\u00e9el<\/span><span style=\"font-weight: 400;\"><br \/>\n<\/span><\/li>\n<li style=\"font-weight: 400;\" aria-level=\"1\"><span style=\"font-weight: 400;\">Analyse d\u2019images autonome bas\u00e9e sur l\u2019IA<\/span><span style=\"font-weight: 400;\"><br \/>\n<\/span><\/li>\n<li style=\"font-weight: 400;\" aria-level=\"1\"><span style=\"font-weight: 400;\">Communications chiffr\u00e9es et s\u00e9curis\u00e9es<\/span><span style=\"font-weight: 400;\"><br \/>\n<\/span><\/li>\n<li style=\"font-weight: 400;\" aria-level=\"1\"><span style=\"font-weight: 400;\">R\u00e9sistance aux conditions orbitales extr\u00eames<\/span><span style=\"font-weight: 400;\"><br \/>\n<\/span><\/li>\n<\/ul>\n<p><span style=\"font-weight: 400;\">Ces capacit\u00e9s b\u00e9n\u00e9ficieront \u00e0 :<\/span><\/p>\n<ul>\n<li style=\"font-weight: 400;\" aria-level=\"1\"><span style=\"font-weight: 400;\">La gestion urbaine et les villes intelligentes<\/span><span style=\"font-weight: 400;\"><br \/>\n<\/span><\/li>\n<li style=\"font-weight: 400;\" aria-level=\"1\"><span style=\"font-weight: 400;\">La pr\u00e9vention des catastrophes<\/span><span style=\"font-weight: 400;\"><br \/>\n<\/span><\/li>\n<li style=\"font-weight: 400;\" aria-level=\"1\"><span style=\"font-weight: 400;\">La cartographie agricole et la gestion de l\u2019eau<\/span><span style=\"font-weight: 400;\"><br \/>\n<\/span><\/li>\n<li style=\"font-weight: 400;\" aria-level=\"1\"><span style=\"font-weight: 400;\">Le suivi du changement climatique<\/span><span style=\"font-weight: 400;\"><br \/>\n<\/span><\/li>\n<\/ul>\n<p><strong>Leadership r\u00e9gional et diplomatie spatiale<\/strong><\/p>\n<p><span style=\"font-weight: 400;\">Avec Etihad-SAT, les \u00c9mirats affirment leur leadership r\u00e9gional. Ils pourront coop\u00e9rer avec d\u2019autres pays du Moyen-Orient et d\u2019Asie pour \u00e9changer des donn\u00e9es et mener des missions conjointes.<\/span><\/p>\n<p><span style=\"font-weight: 400;\">Ce satellite incarne \u00e9galement l\u2019approche pacifique du pays : orient\u00e9e vers la science, l\u2019\u00e9ducation et la coop\u00e9ration.<\/span><\/p>\n<p><strong>V\u00e9rifier Plus: <a href=\"https:\/\/valorisimo.com\/fr\/remplacer-les-cartes-id\/\">Remplacer les cartes ID par l\u2019identit\u00e9 biom\u00e9trique<\/a><\/strong><\/p>\n<h3>Impact \u00e9conomique et commercial<\/h3>\n<p><span style=\"font-weight: 400;\">Le projet Etihad-SAT va dynamiser l\u2019\u00e9conomie spatiale \u00e9miratie, estim\u00e9e \u00e0 plusieurs milliards d\u2019AED d\u2019ici 2030. Il permettra:<\/span><\/p>\n<ul>\n<li style=\"font-weight: 400;\" aria-level=\"1\"><span style=\"font-weight: 400;\">La commercialisation des donn\u00e9es satellites<\/span><span style=\"font-weight: 400;\"><br \/>\n<\/span><\/li>\n<li style=\"font-weight: 400;\" aria-level=\"1\"><span style=\"font-weight: 400;\">L\u2019acc\u00e8s des PME aux services spatiaux<\/span><span style=\"font-weight: 400;\"><br \/>\n<\/span><\/li>\n<li style=\"font-weight: 400;\" aria-level=\"1\"><span style=\"font-weight: 400;\">L\u2019augmentation des investissements \u00e9trangers dans le secteur spatial<\/span><span style=\"font-weight: 400;\"><br \/>\n<\/span><\/li>\n<\/ul>\n<h3>Effets sur l&rsquo;immobilier<\/h3>\n<p><span style=\"font-weight: 400;\">Les projets spatiaux attirent les talents, stimulent les infrastructures et am\u00e9liorent l\u2019attractivit\u00e9 des quartiers proches des centres technologiques, comme \u00e0 Dubai.<\/span><\/p>\n<article class=\"text-token-text-primary w-full\" dir=\"auto\" data-testid=\"conversation-turn-268\" data-scroll-anchor=\"true\">\n<div class=\"text-base my-auto mx-auto py-5 [--thread-content-margin:--spacing(4)] @[37rem]:[--thread-content-margin:--spacing(6)] @[72rem]:[--thread-content-margin:--spacing(16)] px-(--thread-content-margin)\">\n<div class=\"[--thread-content-max-width:32rem] @[34rem]:[--thread-content-max-width:40rem] @[64rem]:[--thread-content-max-width:48rem] mx-auto flex max-w-(--thread-content-max-width) flex-1 text-base gap-4 md:gap-5 lg:gap-6 group\/turn-messages focus-visible:outline-hidden\" tabindex=\"-1\">\n<div class=\"group\/conversation-turn relative flex w-full min-w-0 flex-col agent-turn\">\n<div class=\"relative flex-col gap-1 md:gap-3\">\n<div class=\"flex max-w-full flex-col grow\">\n<div class=\"min-h-8 text-message relative flex w-full flex-col items-end gap-2 text-start break-words whitespace-normal [.text-message+&amp;]:mt-5\" dir=\"auto\" data-message-author-role=\"assistant\" data-message-id=\"916d641d-4812-425a-9124-ba4c79868ff1\" data-message-model-slug=\"gpt-4o\">\n<div class=\"flex w-full flex-col gap-1 empty:hidden first:pt-[3px]\">\n<div class=\"markdown prose dark:prose-invert w-full break-words light\">\n<p data-start=\"84\" data-end=\"458\" data-is-last-node=\"\" data-is-only-node=\"\">Les \u00c9mirats lanceront Etihad-SAT en mars 2025, marquant une avanc\u00e9e nationale majeure qui combine technologie, formation, souverainet\u00e9 et diplomatie. Les \u00c9mirats confirment ainsi leur ambition de jouer un r\u00f4le de premier plan dans l\u2019aventure spatiale mondial<\/p>\n<\/div>\n<\/div>\n<\/div>\n<\/div>\n<\/div>\n<\/div>\n<\/div>\n<\/div>\n<\/article>\n","protected":false},"excerpt":{"rendered":"<p>Les \u00c9mirats lanceront Etihad-SAT en mars 2025 Les \u00c9mirats Arabes Unis s\u2019appr\u00eatent \u00e0 lancer le projet spatial Etihad-SAT en mars 2025, un tournant d\u00e9cisif dans leur ambition technologique et scientifique. Les \u00c9mirats lanceront Etihad-SAT pour renforcer leur pr\u00e9sence dans le secteur spatial mondial. Ce satellite symbolise une nouvelle \u00e8re pour le pays, en soutenant les [&hellip;]<\/p>\n","protected":false},"author":6,"featured_media":26262,"comment_status":"closed","ping_status":"open","sticky":false,"template":"","format":"standard","meta":{"footnotes":""},"categories":[111,103],"tags":[],"class_list":["post-26272","post","type-post","status-publish","format-standard","has-post-thumbnail","hentry","category-actualites","category-dubai-fr"],"yoast_head":"<!-- This site is optimized with the Yoast SEO plugin v26.5 - https:\/\/yoast.com\/wordpress\/plugins\/seo\/ -->\n<title>Les \u00c9mirats lanceront Etihad-SAT en mars 2025 - Valorisimo<\/title>\n<meta name=\"description\" content=\"Les \u00c9mirats lanceront Etihad-SAT en mars 2025, une \u00e9tape cl\u00e9 de leur programme spatial et de leur ambition technologique globale.\" \/>\n<meta name=\"robots\" content=\"index, follow, max-snippet:-1, max-image-preview:large, max-video-preview:-1\" \/>\n<link rel=\"canonical\" href=\"https:\/\/valorisimo.com\/fr\/wp-json\/wp\/v2\/posts\/26272\/\" \/>\n<meta property=\"og:locale\" content=\"fr_FR\" \/>\n<meta property=\"og:type\" content=\"article\" \/>\n<meta property=\"og:title\" content=\"Les \u00c9mirats lanceront Etihad-SAT en mars 2025 - Valorisimo\" \/>\n<meta property=\"og:description\" content=\"Les \u00c9mirats lanceront Etihad-SAT en mars 2025, une \u00e9tape cl\u00e9 de leur programme spatial et de leur ambition technologique globale.\" \/>\n<meta property=\"og:url\" content=\"https:\/\/valorisimo.com\/fr\/les-emirats-lanceront-etihad-sat\/\" \/>\n<meta property=\"og:site_name\" content=\"Valorisimo\" \/>\n<meta property=\"article:published_time\" content=\"2025-07-13T16:40:38+00:00\" \/>\n<meta property=\"article:modified_time\" content=\"2025-10-19T10:05:48+00:00\" \/>\n<meta property=\"og:image\" content=\"https:\/\/valorisimo.com\/wp-content\/uploads\/2025\/07\/UAE-to-Launch-Etihad-SAT-in-March-2025.jpg\" \/>\n\t<meta property=\"og:image:width\" content=\"1280\" \/>\n\t<meta property=\"og:image:height\" content=\"720\" \/>\n\t<meta property=\"og:image:type\" content=\"image\/jpeg\" \/>\n<meta name=\"author\" content=\"Editors\" \/>\n<meta name=\"twitter:card\" content=\"summary_large_image\" \/>\n<meta name=\"twitter:label1\" content=\"\u00c9crit par\" \/>\n\t<meta name=\"twitter:data1\" content=\"Editors\" \/>\n\t<meta name=\"twitter:label2\" content=\"Dur\u00e9e de lecture estim\u00e9e\" \/>\n\t<meta name=\"twitter:data2\" content=\"3 minutes\" \/>\n<script type=\"application\/ld+json\" class=\"yoast-schema-graph\">{\"@context\":\"https:\/\/schema.org\",\"@graph\":[{\"@type\":\"Article\",\"@id\":\"https:\/\/valorisimo.com\/fr\/les-emirats-lanceront-etihad-sat\/#article\",\"isPartOf\":{\"@id\":\"https:\/\/valorisimo.com\/fr\/les-emirats-lanceront-etihad-sat\/\"},\"author\":{\"name\":\"Editors\",\"@id\":\"https:\/\/valorisimo.com\/fr\/#\/schema\/person\/8bc50b2d5d182004752ea36d5737495f\"},\"headline\":\"Les \u00c9mirats lanceront Etihad-SAT en mars 2025\",\"datePublished\":\"2025-07-13T16:40:38+00:00\",\"dateModified\":\"2025-10-19T10:05:48+00:00\",\"mainEntityOfPage\":{\"@id\":\"https:\/\/valorisimo.com\/fr\/les-emirats-lanceront-etihad-sat\/\"},\"wordCount\":571,\"publisher\":{\"@id\":\"https:\/\/valorisimo.com\/fr\/#organization\"},\"image\":{\"@id\":\"https:\/\/valorisimo.com\/fr\/les-emirats-lanceront-etihad-sat\/#primaryimage\"},\"thumbnailUrl\":\"https:\/\/valorisimo.com\/wp-content\/uploads\/2025\/07\/UAE-to-Launch-Etihad-SAT-in-March-2025.jpg\",\"articleSection\":[\"Actualit\u00e9s\",\"Dubai\"],\"inLanguage\":\"fr-FR\"},{\"@type\":\"WebPage\",\"@id\":\"https:\/\/valorisimo.com\/fr\/les-emirats-lanceront-etihad-sat\/\",\"url\":\"https:\/\/valorisimo.com\/fr\/les-emirats-lanceront-etihad-sat\/\",\"name\":\"Les \u00c9mirats lanceront Etihad-SAT en mars 2025 - Valorisimo\",\"isPartOf\":{\"@id\":\"https:\/\/valorisimo.com\/fr\/#website\"},\"primaryImageOfPage\":{\"@id\":\"https:\/\/valorisimo.com\/fr\/les-emirats-lanceront-etihad-sat\/#primaryimage\"},\"image\":{\"@id\":\"https:\/\/valorisimo.com\/fr\/les-emirats-lanceront-etihad-sat\/#primaryimage\"},\"thumbnailUrl\":\"https:\/\/valorisimo.com\/wp-content\/uploads\/2025\/07\/UAE-to-Launch-Etihad-SAT-in-March-2025.jpg\",\"datePublished\":\"2025-07-13T16:40:38+00:00\",\"dateModified\":\"2025-10-19T10:05:48+00:00\",\"description\":\"Les \u00c9mirats lanceront Etihad-SAT en mars 2025, une \u00e9tape cl\u00e9 de leur programme spatial et de leur ambition technologique globale.\",\"breadcrumb\":{\"@id\":\"https:\/\/valorisimo.com\/fr\/les-emirats-lanceront-etihad-sat\/#breadcrumb\"},\"inLanguage\":\"fr-FR\",\"potentialAction\":[{\"@type\":\"ReadAction\",\"target\":[\"https:\/\/valorisimo.com\/fr\/les-emirats-lanceront-etihad-sat\/\"]}]},{\"@type\":\"ImageObject\",\"inLanguage\":\"fr-FR\",\"@id\":\"https:\/\/valorisimo.com\/fr\/les-emirats-lanceront-etihad-sat\/#primaryimage\",\"url\":\"https:\/\/valorisimo.com\/wp-content\/uploads\/2025\/07\/UAE-to-Launch-Etihad-SAT-in-March-2025.jpg\",\"contentUrl\":\"https:\/\/valorisimo.com\/wp-content\/uploads\/2025\/07\/UAE-to-Launch-Etihad-SAT-in-March-2025.jpg\",\"width\":1280,\"height\":720,\"caption\":\"UAE to Launch Etihad-SAT in March 2025 Les \u00c9mirats lanceront Etihad-SAT\"},{\"@type\":\"BreadcrumbList\",\"@id\":\"https:\/\/valorisimo.com\/fr\/les-emirats-lanceront-etihad-sat\/#breadcrumb\",\"itemListElement\":[{\"@type\":\"ListItem\",\"position\":1,\"name\":\"Home\",\"item\":\"https:\/\/valorisimo.com\/fr\/\"},{\"@type\":\"ListItem\",\"position\":2,\"name\":\"Les \u00c9mirats lanceront Etihad-SAT en mars 2025\"}]},{\"@type\":\"WebSite\",\"@id\":\"https:\/\/valorisimo.com\/fr\/#website\",\"url\":\"https:\/\/valorisimo.com\/fr\/\",\"name\":\"Valorisimo\",\"description\":\"\",\"publisher\":{\"@id\":\"https:\/\/valorisimo.com\/fr\/#organization\"},\"potentialAction\":[{\"@type\":\"SearchAction\",\"target\":{\"@type\":\"EntryPoint\",\"urlTemplate\":\"https:\/\/valorisimo.com\/fr\/?s={search_term_string}\"},\"query-input\":{\"@type\":\"PropertyValueSpecification\",\"valueRequired\":true,\"valueName\":\"search_term_string\"}}],\"inLanguage\":\"fr-FR\"},{\"@type\":\"Organization\",\"@id\":\"https:\/\/valorisimo.com\/fr\/#organization\",\"name\":\"Valorisimo\",\"url\":\"https:\/\/valorisimo.com\/fr\/\",\"logo\":{\"@type\":\"ImageObject\",\"inLanguage\":\"fr-FR\",\"@id\":\"https:\/\/valorisimo.com\/fr\/#\/schema\/logo\/image\/\",\"url\":\"https:\/\/valorisimo.com\/wp-content\/uploads\/2025\/10\/VALORISIMO-logo-white.webp\",\"contentUrl\":\"https:\/\/valorisimo.com\/wp-content\/uploads\/2025\/10\/VALORISIMO-logo-white.webp\",\"width\":370,\"height\":69,\"caption\":\"Valorisimo\"},\"image\":{\"@id\":\"https:\/\/valorisimo.com\/fr\/#\/schema\/logo\/image\/\"}},{\"@type\":\"Person\",\"@id\":\"https:\/\/valorisimo.com\/fr\/#\/schema\/person\/8bc50b2d5d182004752ea36d5737495f\",\"name\":\"Editors\",\"image\":{\"@type\":\"ImageObject\",\"inLanguage\":\"fr-FR\",\"@id\":\"https:\/\/valorisimo.com\/fr\/#\/schema\/person\/image\/\",\"url\":\"https:\/\/secure.gravatar.com\/avatar\/d2c898a30af3a67c31fde19c9f0fa61bbec86b12224b6d16aa5dc476262e567a?s=96&d=mm&r=g\",\"contentUrl\":\"https:\/\/secure.gravatar.com\/avatar\/d2c898a30af3a67c31fde19c9f0fa61bbec86b12224b6d16aa5dc476262e567a?s=96&d=mm&r=g\",\"caption\":\"Editors\"},\"sameAs\":[\"Hemal\"]}]}<\/script>\n<!-- \/ Yoast SEO plugin. -->","yoast_head_json":{"title":"Les \u00c9mirats lanceront Etihad-SAT en mars 2025 - Valorisimo","description":"Les \u00c9mirats lanceront Etihad-SAT en mars 2025, une \u00e9tape cl\u00e9 de leur programme spatial et de leur ambition technologique globale.","robots":{"index":"index","follow":"follow","max-snippet":"max-snippet:-1","max-image-preview":"max-image-preview:large","max-video-preview":"max-video-preview:-1"},"canonical":"https:\/\/valorisimo.com\/fr\/wp-json\/wp\/v2\/posts\/26272\/","og_locale":"fr_FR","og_type":"article","og_title":"Les \u00c9mirats lanceront Etihad-SAT en mars 2025 - Valorisimo","og_description":"Les \u00c9mirats lanceront Etihad-SAT en mars 2025, une \u00e9tape cl\u00e9 de leur programme spatial et de leur ambition technologique globale.","og_url":"https:\/\/valorisimo.com\/fr\/les-emirats-lanceront-etihad-sat\/","og_site_name":"Valorisimo","article_published_time":"2025-07-13T16:40:38+00:00","article_modified_time":"2025-10-19T10:05:48+00:00","og_image":[{"width":1280,"height":720,"url":"https:\/\/valorisimo.com\/wp-content\/uploads\/2025\/07\/UAE-to-Launch-Etihad-SAT-in-March-2025.jpg","type":"image\/jpeg"}],"author":"Editors","twitter_card":"summary_large_image","twitter_misc":{"\u00c9crit par":"Editors","Dur\u00e9e de lecture estim\u00e9e":"3 minutes"},"schema":{"@context":"https:\/\/schema.org","@graph":[{"@type":"Article","@id":"https:\/\/valorisimo.com\/fr\/les-emirats-lanceront-etihad-sat\/#article","isPartOf":{"@id":"https:\/\/valorisimo.com\/fr\/les-emirats-lanceront-etihad-sat\/"},"author":{"name":"Editors","@id":"https:\/\/valorisimo.com\/fr\/#\/schema\/person\/8bc50b2d5d182004752ea36d5737495f"},"headline":"Les \u00c9mirats lanceront Etihad-SAT en mars 2025","datePublished":"2025-07-13T16:40:38+00:00","dateModified":"2025-10-19T10:05:48+00:00","mainEntityOfPage":{"@id":"https:\/\/valorisimo.com\/fr\/les-emirats-lanceront-etihad-sat\/"},"wordCount":571,"publisher":{"@id":"https:\/\/valorisimo.com\/fr\/#organization"},"image":{"@id":"https:\/\/valorisimo.com\/fr\/les-emirats-lanceront-etihad-sat\/#primaryimage"},"thumbnailUrl":"https:\/\/valorisimo.com\/wp-content\/uploads\/2025\/07\/UAE-to-Launch-Etihad-SAT-in-March-2025.jpg","articleSection":["Actualit\u00e9s","Dubai"],"inLanguage":"fr-FR"},{"@type":"WebPage","@id":"https:\/\/valorisimo.com\/fr\/les-emirats-lanceront-etihad-sat\/","url":"https:\/\/valorisimo.com\/fr\/les-emirats-lanceront-etihad-sat\/","name":"Les \u00c9mirats lanceront Etihad-SAT en mars 2025 - Valorisimo","isPartOf":{"@id":"https:\/\/valorisimo.com\/fr\/#website"},"primaryImageOfPage":{"@id":"https:\/\/valorisimo.com\/fr\/les-emirats-lanceront-etihad-sat\/#primaryimage"},"image":{"@id":"https:\/\/valorisimo.com\/fr\/les-emirats-lanceront-etihad-sat\/#primaryimage"},"thumbnailUrl":"https:\/\/valorisimo.com\/wp-content\/uploads\/2025\/07\/UAE-to-Launch-Etihad-SAT-in-March-2025.jpg","datePublished":"2025-07-13T16:40:38+00:00","dateModified":"2025-10-19T10:05:48+00:00","description":"Les \u00c9mirats lanceront Etihad-SAT en mars 2025, une \u00e9tape cl\u00e9 de leur programme spatial et de leur ambition technologique globale.","breadcrumb":{"@id":"https:\/\/valorisimo.com\/fr\/les-emirats-lanceront-etihad-sat\/#breadcrumb"},"inLanguage":"fr-FR","potentialAction":[{"@type":"ReadAction","target":["https:\/\/valorisimo.com\/fr\/les-emirats-lanceront-etihad-sat\/"]}]},{"@type":"ImageObject","inLanguage":"fr-FR","@id":"https:\/\/valorisimo.com\/fr\/les-emirats-lanceront-etihad-sat\/#primaryimage","url":"https:\/\/valorisimo.com\/wp-content\/uploads\/2025\/07\/UAE-to-Launch-Etihad-SAT-in-March-2025.jpg","contentUrl":"https:\/\/valorisimo.com\/wp-content\/uploads\/2025\/07\/UAE-to-Launch-Etihad-SAT-in-March-2025.jpg","width":1280,"height":720,"caption":"UAE to Launch Etihad-SAT in March 2025 Les \u00c9mirats lanceront Etihad-SAT"},{"@type":"BreadcrumbList","@id":"https:\/\/valorisimo.com\/fr\/les-emirats-lanceront-etihad-sat\/#breadcrumb","itemListElement":[{"@type":"ListItem","position":1,"name":"Home","item":"https:\/\/valorisimo.com\/fr\/"},{"@type":"ListItem","position":2,"name":"Les \u00c9mirats lanceront Etihad-SAT en mars 2025"}]},{"@type":"WebSite","@id":"https:\/\/valorisimo.com\/fr\/#website","url":"https:\/\/valorisimo.com\/fr\/","name":"Valorisimo","description":"","publisher":{"@id":"https:\/\/valorisimo.com\/fr\/#organization"},"potentialAction":[{"@type":"SearchAction","target":{"@type":"EntryPoint","urlTemplate":"https:\/\/valorisimo.com\/fr\/?s={search_term_string}"},"query-input":{"@type":"PropertyValueSpecification","valueRequired":true,"valueName":"search_term_string"}}],"inLanguage":"fr-FR"},{"@type":"Organization","@id":"https:\/\/valorisimo.com\/fr\/#organization","name":"Valorisimo","url":"https:\/\/valorisimo.com\/fr\/","logo":{"@type":"ImageObject","inLanguage":"fr-FR","@id":"https:\/\/valorisimo.com\/fr\/#\/schema\/logo\/image\/","url":"https:\/\/valorisimo.com\/wp-content\/uploads\/2025\/10\/VALORISIMO-logo-white.webp","contentUrl":"https:\/\/valorisimo.com\/wp-content\/uploads\/2025\/10\/VALORISIMO-logo-white.webp","width":370,"height":69,"caption":"Valorisimo"},"image":{"@id":"https:\/\/valorisimo.com\/fr\/#\/schema\/logo\/image\/"}},{"@type":"Person","@id":"https:\/\/valorisimo.com\/fr\/#\/schema\/person\/8bc50b2d5d182004752ea36d5737495f","name":"Editors","image":{"@type":"ImageObject","inLanguage":"fr-FR","@id":"https:\/\/valorisimo.com\/fr\/#\/schema\/person\/image\/","url":"https:\/\/secure.gravatar.com\/avatar\/d2c898a30af3a67c31fde19c9f0fa61bbec86b12224b6d16aa5dc476262e567a?s=96&d=mm&r=g","contentUrl":"https:\/\/secure.gravatar.com\/avatar\/d2c898a30af3a67c31fde19c9f0fa61bbec86b12224b6d16aa5dc476262e567a?s=96&d=mm&r=g","caption":"Editors"},"sameAs":["Hemal"]}]}},"_links":{"self":[{"href":"https:\/\/valorisimo.com\/fr\/wp-json\/wp\/v2\/posts\/26272","targetHints":{"allow":["GET"]}}],"collection":[{"href":"https:\/\/valorisimo.com\/fr\/wp-json\/wp\/v2\/posts"}],"about":[{"href":"https:\/\/valorisimo.com\/fr\/wp-json\/wp\/v2\/types\/post"}],"author":[{"embeddable":true,"href":"https:\/\/valorisimo.com\/fr\/wp-json\/wp\/v2\/users\/6"}],"replies":[{"embeddable":true,"href":"https:\/\/valorisimo.com\/fr\/wp-json\/wp\/v2\/comments?post=26272"}],"version-history":[{"count":3,"href":"https:\/\/valorisimo.com\/fr\/wp-json\/wp\/v2\/posts\/26272\/revisions"}],"predecessor-version":[{"id":29258,"href":"https:\/\/valorisimo.com\/fr\/wp-json\/wp\/v2\/posts\/26272\/revisions\/29258"}],"wp:featuredmedia":[{"embeddable":true,"href":"https:\/\/valorisimo.com\/fr\/wp-json\/wp\/v2\/media\/26262"}],"wp:attachment":[{"href":"https:\/\/valorisimo.com\/fr\/wp-json\/wp\/v2\/media?parent=26272"}],"wp:term":[{"taxonomy":"category","embeddable":true,"href":"https:\/\/valorisimo.com\/fr\/wp-json\/wp\/v2\/categories?post=26272"},{"taxonomy":"post_tag","embeddable":true,"href":"https:\/\/valorisimo.com\/fr\/wp-json\/wp\/v2\/tags?post=26272"}],"curies":[{"name":"wp","href":"https:\/\/api.w.org\/{rel}","templated":true}]}}